{"id":7504,"date":"2024-12-03T17:42:21","date_gmt":"2024-12-03T16:42:21","guid":{"rendered":"http:\/\/hesychia.eu\/?p=7504"},"modified":"2024-12-05T16:15:42","modified_gmt":"2024-12-05T15:15:42","slug":"oser_se_taire","status":"publish","type":"post","link":"https:\/\/hesychia.eu\/index.php\/2024\/12\/03\/oser_se_taire\/","title":{"rendered":"Car de nos jours, lorsque des horreurs apocalyptiques frappent de tous c\u00f4t\u00e9s la sainte \u00c9glise orthodoxe du Christ, peut-on se taire, oser se taire\u2009?"},"content":{"rendered":"<p>&nbsp;<\/p>\n<h3 style=\"text-align: center;\"><em>Lettre adress\u00e9e par le P\u00e8re Justin<\/em> <em>de\u00a0Tch\u00e9li\u00e9 au Saint- Synode de l&rsquo;Eglise orthodoxe serbe<\/em><\/h3>\n<p>&nbsp;<\/p>\n<p style=\"text-align: center;\"><div class=\"perfect-pullquote vcard pullquote-align-full pullquote-border-placement-left\"><blockquote><p>Nous reproduisons ci-apr\u00e8s la lettre adress\u00e9e par le P\u00e8re Justin au Saint- Synode de l&rsquo;Eglise orthodoxe serbe, par l&rsquo;interm\u00e9diaire de son \u00e9v\u00eaque dioc\u00e9sain, Mgr Jean de \u0160abac en date du 27 janvier 1971, en r\u00e9ponse \u00e0 une proposition de \u00ab minist\u00e8re eccl\u00e9sial \u00e0 Belgrade \u00bb, suite \u00e0 une lettre anonyme<\/p><\/blockquote><\/div>\n<p>&nbsp;<\/p>\n<h4 style=\"text-align: center;\">I\/ III<\/h4>\n<p>\u00c0 S. E. l\u2019\u00e9v\u00eaque de \u0160abac et Valjevo, Monseigneur Jean.<\/p>\n<p>\u00c9veillant tous les yeux de mon esprit, et v\u00e9rifiant par la sainte Tradition des Ap\u00f4tres et des P\u00e8res toute ma conscience orthodoxe de bas en haut dans toutes ses infinit\u00e9s \u00e0 l\u2019image de Dieu, j\u2019ai d\u00e9cid\u00e9 de r\u00e9pondre \u00e0 l\u2019acte susmentionn\u00e9.<\/p>\n<p><img loading=\"lazy\" decoding=\"async\" class=\"aligncenter size-full wp-image-4762\" src=\"https:\/\/hesychia.eu\/wp-content\/uploads\/2021\/11\/sfantul_maxim_marturisitorul.940px.01.jpg\" alt=\"\" width=\"940\" height=\"222\" srcset=\"https:\/\/hesychia.eu\/wp-content\/uploads\/2021\/11\/sfantul_maxim_marturisitorul.940px.01.jpg 940w, https:\/\/hesychia.eu\/wp-content\/uploads\/2021\/11\/sfantul_maxim_marturisitorul.940px.01-300x71.jpg 300w, https:\/\/hesychia.eu\/wp-content\/uploads\/2021\/11\/sfantul_maxim_marturisitorul.940px.01-768x181.jpg 768w\" sizes=\"auto, (max-width: 940px) 100vw, 940px\" \/><\/p>\n<p><!--more--><\/p>\n<p>Cependant, je suis contraint par la r\u00e9alit\u00e9 m\u00eame, inexorable et effrayante, d\u2019exposer dans ma r\u00e9ponse ce qui est aujourd\u2019hui \u00ab\u2009l\u2019unique n\u00e9cessaire\u2009\u00bb (Lc 10, 42) dans notre \u00c9glise orthodoxe serbe, ce qui est le plus important par excellence. Ce faisant, je ne m\u2019arr\u00eaterai qu\u2019aux expli\u00adcations les plus indispensables concernant ma situation actuelle et mon \u00ab\u2009statut\u2009\u00bb. Car de nos jours, lorsque des horreurs apocalyptiques frappent de tous c\u00f4t\u00e9s la sainte \u00c9glise orthodoxe du Christ, lorsque les c\u0153urs et les consciences orthodoxes g\u00e9missent \u00e0 l\u2019instar du proph\u00e8te J\u00e9r\u00e9mie et souffrent en raison de tout cela, peut-on se taire, oser se taire\u2009? En effet, c\u2019est le salut de chaque chr\u00e9tien orthodoxe qui est en jeu, celui de chacun de nous et de nous tous ensemble, et encore bien plus: ce sont les valeurs, les valeurs supr\u00eames, de la terre et du ciel qui sont concern\u00e9es\u00a0: le merveilleux Dieu-homme Christ et Son Corps divino-humain, la sainte \u00c9glise orthodoxe. Or, pour la conscience orthodoxe la plus \u00e9l\u00e9mentaire et le sentiment tant soit peu christifi\u00e9, la v\u00e9rit\u00e9 suivante est \u00e9vidente\u00a0: l\u2019acte de leurs Excellences les \u00c9v\u00eaques membres du Saint-Synode de l\u2019\u00c9glise orthodoxe serbe avec, \u00e0 leur t\u00eate, Sa Saintet\u00e9 le Patriarche Germain, exhale tout entier l\u2019esprit apocalyptique de nos jours. Et cela me donne l\u2019occasion directe de r\u00e9pondre dans l\u2019amour de la v\u00e9rit\u00e9 \u00e9vang\u00e9lique, selon ma conscience orthodoxe devant Dieu et l\u2019\u00c9glise de Dieu, et de mentionner nos probl\u00e8mes principaux aujourd\u2019hui. Au pr\u00e9alable, voici les explications les plus n\u00e9cessaires au sujet de l\u2019acte susmentionn\u00e9.<\/p>\n<p>La conscience troubl\u00e9e de l\u2019auteur anonyme de la lettre envoy\u00e9e \u00e0 Sa Saintet\u00e9 le Patriarche, demande que l\u2019on me \u00ab\u2009pardonne\u2009\u00bb si j\u2019ai \u00ab\u2009bl\u00e2m\u00e9 de quelque fa\u00e7on\u2009\u00bb Sa Saintet\u00e9 et, ainsi pardonn\u00e9, on m\u2019offrira \u00ab\u2009une fonction\u2009\u00bb \u00e0 Belgrade, ce qui permettrait \u00ab\u2009ainsi de mettre fin \u00e0 diff\u00e9rentes affabulations\u2009\u00bb. Sa Saintet\u00e9 le Patriarche, souhaitant de toute \u00e9vidence que cessent ces \u00ab\u2009histoires de boulevard\u2009\u00bb qui \u00ab\u2009circulent\u2009\u00bb, pr\u00e9sente cette lettre anonyme au Saint-Synode, lequel a pris la d\u00e9cision suivante\u00a0: qu\u2019il soit demand\u00e9 par votre interm\u00e9diaire \u00e0 l\u2019archimandrite Justin \u00ab\u2009qu\u2019il se prononce sur son souhait et sa possibilit\u00e9 d\u2019accepter une quelconque fonction eccl\u00e9siale \u00e0 Belgrade et laquelle\u2009\u00bb.<\/p>\n<p>&nbsp;<\/p>\n<h3 style=\"text-align: center;\"><em>Il est question ici de probl\u00e8mes bien plus importants et fatidiques pour nous tous<\/em><\/h3>\n<p><img loading=\"lazy\" decoding=\"async\" class=\"aligncenter size-full wp-image-3856\" src=\"https:\/\/hesychia.eu\/wp-content\/uploads\/2021\/04\/MET.940px.02.jpg\" alt=\"\" width=\"940\" height=\"188\" srcset=\"https:\/\/hesychia.eu\/wp-content\/uploads\/2021\/04\/MET.940px.02.jpg 940w, https:\/\/hesychia.eu\/wp-content\/uploads\/2021\/04\/MET.940px.02-300x60.jpg 300w, https:\/\/hesychia.eu\/wp-content\/uploads\/2021\/04\/MET.940px.02-768x154.jpg 768w\" sizes=\"auto, (max-width: 940px) 100vw, 940px\" \/><br \/>\nVotre Excellence, des lettres anonymes comme celle-ci, ainsi que les diff\u00e9rentes insinuations qui y sont contenues, et toutes les m\u00e9thodes de cette sorte, tout cela entre dans notre apocalypse actuelle. Un tel \u00e9crit anonyme est une basse man\u0153uvre, il ne r\u00e8gle rien, pas plus que son contenu. En outre, ind\u00e9pendamment de son caract\u00e8re anonyme, une seule question se pose inexorablement \u00e0 chaque orthodoxe vigilant chez nous, aujourd\u2019hui\u00a0: ne sommes-nous vraiment pas en mesure \u2014 sans cela \u2014 de voir ce qui se passe r\u00e9ellement avec nous, quels probl\u00e8mes cataclysmiques grondent sous nos personnes et autour de nous\u2009? Que faisons-nous, o\u00f9 allons-nous, et dans quelles impasses p\u00e9rilleuses pour les \u00e2mes sommes-nous arriv\u00e9s\u2009? Le probl\u00e8me d\u00e9cisif \u00ab\u2009<em>\u00eatre ou ne pas \u00eatre\u2009\u00bb<\/em> tourmente toujours davantage aujourd\u2019hui les consciences, les esprits et les c\u0153urs de tous les orthodoxes vigilants dans le monde entier. Malgr\u00e9 cela, le Saint-Synode de l\u2019\u00c9glise orthodoxe serbe, et ce \u00e0 l\u2019occasion d\u2019une lettre anonyme, s\u2019occupe de broutilles bureaucratiques autour de \u00ab\u2009mon poste\u2009\u00bb et de mon \u00ab\u2009statut\u2009\u00bb, lesquels ne rev\u00eatent aucune esp\u00e8ce d\u2019importance. En effet, le probl\u00e8me de notre \u00c9glise, aujourd\u2019hui, n\u2019est pas celui d\u2019un vieil archimandrite, dont s\u2019approche le d\u00e9part vers Dieu pour la v\u00e9rit\u00e9. En r\u00e9alit\u00e9, il est question ici de probl\u00e8mes bien plus importants et fatidiques pour nous tous.<\/p>\n<p>Au demeurant, Excellence, en passant sur toutes ces \u00ab\u2009versions de boulevard\u2009\u00bb me concernant et concernant mon \u00ab\u2009statut\u2009\u00bb, et d\u2019autres qui existent s\u00fbrement, je souhaite seulement, afin d\u2019apaiser les consciences de certains, rappeler \u00e0 Sa Saintet\u00e9 le Patriarche et au Saint-Synode la r\u00e9alit\u00e9 suivante qui dure depuis vingt ans\u00a0: avec la b\u00e9n\u00e9diction de Son Excellence Sym\u00e9on Stankovic, l\u2019\u00e9v\u00eaque d\u2019\u00e9ternelle m\u00e9moire de ce dioc\u00e8se, et apr\u00e8s lui de Votre Excellence elle-m\u00eame, ma modeste personne sert l\u2019\u00c9glise en tant qu\u2019aum\u00f4nier du monast\u00e8re de \u0106elije depuis mai 1948. Donc bien avant que ne se pos\u00e2t le probl\u00e8me de l\u2019\u00e9lection au rang patriarcal de l\u2019\u00e9v\u00eaque Germain \u00d0ori\u0107 et de la valeur dogmatico-canonique de celle-ci. Depuis la mise en place du pouvoir d\u2019apr\u00e8s-guerre en Yougoslavie, mon statut a \u00e9t\u00e9 particulier. Ni jug\u00e9, ni condamn\u00e9, car non coupable, je fus priv\u00e9 du poste et des droits de professeur d\u2019Universit\u00e9 \u00e0 Belgrade. Mais il est connu de Votre Excellence et d\u2019autres personnes que, par la gr\u00e2ce de Dieu qui nous sauve, je n\u2019ai jamais, jusqu\u2019\u00e0 maintenant, utilis\u00e9 dans ma vie et mon travail les conjonctures favorables \u00e0 des fins personnelles. C\u2019est pourquoi, \u00e0 pr\u00e9sent aussi, je ne souhaite pas m\u2019occuper de futilit\u00e9s relatives \u00e0 mon \u00ab\u2009statut\u2009\u00bb et autres probl\u00e8mes me concernant. D\u2019autant plus aujourd\u2019hui, alors que nous assi\u00e8gent les terribles probl\u00e8mes br\u00fblants de notre \u00e9poque r\u00e9ellement apocalyptique, devant lesquels et au sujet desquels, pour l\u2019amour de Dieu et de l\u2019Eglise, nous ne pouvons et ne saurions nous taire. Pour cette raison, je passerai maintenant au principal. Aussi, permettez-moi, Votre Excellence, de mentionner au Saint-Synode des \u00e9v\u00eaques les probl\u00e8mes essentiels de notre \u00c9glise aujourd\u2019hui, et de poser les questions aigu\u00ebs auxquelles tout le peuple orthodoxe de Dieu attend d\u00e9j\u00e0 depuis longtemps, dans l\u2019inqui\u00e9tude, une r\u00e9ponse.<\/p>\n<p>&nbsp;<\/p>\n<h3 style=\"text-align: center;\"><em>Permettez-moi de mentionner au Saint-Synode des \u00e9v\u00eaques les probl\u00e8mes essentiels de notre \u00c9glise aujourd\u2019hui<\/em><\/h3>\n<p><img loading=\"lazy\" decoding=\"async\" class=\"aligncenter size-full wp-image-3857\" src=\"https:\/\/hesychia.eu\/wp-content\/uploads\/2021\/04\/MET.940px.03.jpg\" alt=\"\" width=\"940\" height=\"190\" srcset=\"https:\/\/hesychia.eu\/wp-content\/uploads\/2021\/04\/MET.940px.03.jpg 940w, https:\/\/hesychia.eu\/wp-content\/uploads\/2021\/04\/MET.940px.03-300x61.jpg 300w, https:\/\/hesychia.eu\/wp-content\/uploads\/2021\/04\/MET.940px.03-768x155.jpg 768w\" sizes=\"auto, (max-width: 940px) 100vw, 940px\" \/><br \/>\nExcellences, P\u00e8res \u00e9v\u00eaques, membres du Saint-Synode de l\u2019\u00c9glise orthodoxe serbe avec, \u00e0 votre t\u00eate, Sa Saintet\u00e9 le patriarche Germain,<\/p>\n<p>La responsabilit\u00e9 \u00e9vang\u00e9lique repose aujourd\u2019hui sur tous les fils de l\u2019\u00c9glise orthodoxe du Christ, cette Maison c\u00e9leste et terrestre du Dieu vivant (1 Tim\u00a03, 15), et donc aussi sur nous, fils de la m\u00eame \u00c9glise orthodoxe dans le pays et le peuple de saint Sava. Aussi, ma conscience, ardemment tourment\u00e9e par cette responsabilit\u00e9 \u00e9vang\u00e9lique, consid\u00e8re devant le Dieu vivant, qui est toute justice, que je doive rejeter comme insi\u00adgnifiant, comme une \u00ab\u2009bagatelle\u2009\u00bb, tout probl\u00e8me personnel, et observer les terribles probl\u00e8mes qui se d\u00e9cha\u00eenent autour de nous. Dogmatiquement, canoniquement, \u00e9vang\u00e9liquement, cette responsabilit\u00e9 \u00e9vang\u00e9lique, sainte, repose en derni\u00e8re analyse sur la hi\u00e9rarchie sacr\u00e9e. Ainsi, chez nous, cela concerne en premier lieu les patriarches et les \u00e9v\u00eaques de l\u2019\u00c9glise. Aussi, permettez-moi, saints p\u00e8res trois fois b\u00e9nis, de vous demander humblement, mais avec la hardiesse propre aux Orthodoxes, au nom de la sainte Tradition immuable de l\u2019\u00c9glise orthodoxe, de ses ap\u00f4tres, de ses p\u00e8res, de ses martyrs, de ses n\u00e9omartyrs et de ses confesseurs\u00a0: o\u00f9 allons-nous et o\u00f9 arriverons-nous si nous continuons ainsi\u2009? En mentionnant du fond du c\u0153ur les \u00e9v\u00e9nements et la r\u00e9alit\u00e9, je n\u2019\u00e9voquerai que certains des probl\u00e8mes devant lesquels se tient toute conscience orthodoxe, d\u2019autant plus lorsque celle-ci est serbe et impr\u00e9gn\u00e9e de l\u2019esprit de saint Sava, et scrute avec frayeur la grande responsabilit\u00e9 de notre Hi\u00e9rarchie eccl\u00e9siale et son attitude actuelle devant nos probl\u00e8mes eccl\u00e9siaux.<\/p>\n<p>1. L\u2019\u00c9glise du Christ, une et unique, sainte, catholique et apostolique, au ciel et sur terre est l\u2019\u00c9glise orthodoxe. C\u2019est ce que nous ont enseign\u00e9 infailliblement et ce que nous ont transmis ensemble tous les saints ap\u00f4tres, les saints P\u00e8res, les saints martyrs, les saints confesseurs, les saints n\u00e9omartyrs, et tous les saints conciles \u0153cum\u00e9niques et locaux, et c\u2019est ainsi que croit tout le peuple orthodoxe dans le monde entier. C\u2019est ainsi que crut et c\u2019est ce que nous a transmis saint Sava de Serbie, le p\u00e8re \u00e9gal-aux-ap\u00f4tres et le patriarche immortel de notre \u00c9glise. Je mentionnerai seulement son discours patristique au concile de \u017di\u010da, lorsqu\u2019il exposa et transmit aux \u00e9v\u00eaques, ses successeurs, <em>la foi orthodoxe,<\/em> l\u2019\u00c9glise ortho\u00addoxe, sa <em>sainte Tradition,<\/em> ses <em>Conciles,<\/em> ses dogmes, ses canons, toute son \u00e9conomie divino-humaine, par ces paroles\u00a0:<\/p>\n<div class=\"perfect-pullquote vcard pullquote-align-full pullquote-border-placement-left\"><blockquote><p>\u00ab Nous recevons tous les saints conciles selon la gr\u00e2ce divine, qui se sont r\u00e9unis en tout temps et lieu pour proclamer la Pi\u00e9t\u00e9 [= l\u2019Orthodoxie, la v\u00e9ritable foi] et la vie \u00e9vang\u00e9lique, qu\u2019adopte \u00e9galement l\u2019\u00c9glise univer\u00adselle [orthodoxe]. Ce que, cependant, ces saints P\u00e8res ont rejet\u00e9, nous le rejetons aussi\u2009; ce qu\u2019ils ont maudit, ce qu\u2019ils ont anath\u00e9matis\u00e9, nous l\u2019anath\u00e9matisons aussi. Car de nombreuses h\u00e9r\u00e9sies, \u00e0 des \u00e9poques et des ann\u00e9es diverses, ont \u00e9t\u00e9 imagin\u00e9es par le d\u00e9mon, qui a sem\u00e9 dans l\u2019univers de nombreuses ivraies de la foi mensong\u00e8re par des h\u00e9r\u00e9siarques iniques, qui servent le diable, dans le but de d\u00e9truire et de troubler la v\u00e9ritable foi. Nous les maudissons et, avec eux, ceux qui ont invent\u00e9s des commande\u00adments mauvais\u2009; nous abhorrons toute h\u00e9r\u00e9sie impie et aspirons \u00e0 toute la Pi\u00e9t\u00e9 (= vraie foi), que nous enseignent les b\u00e9nis serviteurs de Dieu\u00a0: les proph\u00e8tes, les ap\u00f4tres et les saints P\u00e8res, comme l\u2019a dit Lui-m\u00eame notre Seigneur J\u00e9sus Christ le Fils de Dieu\u2009\u00bb. Cet enseignement spirituel, \u00e0 savoir la foi orthodoxe, continue saint Sava, \u00ab\u2009n\u2019est ni le jeu ni l\u2019absurdit\u00e9 de la pens\u00e9e des hommes, mais la pr\u00e9dication de la sainte foi, sur laquelle furent fond\u00e9es toutes les saintes v\u00e9rit\u00e9s sur notre Seigneur J\u00e9sus-Christ, que les proph\u00e8tes ont pr\u00each\u00e9e par l\u2019Esprit Saint, que les ap\u00f4tres ont enseign\u00e9e, que les martyrs ont confess\u00e9e, que tous les saints ont pr\u00e9serv\u00e9e, et que les v\u00e9n\u00e9rables P\u00e8res ont gard\u00e9e irr\u00e9prochablement, comme fond\u00e9e par le Christ sur la pierre d\u2019angle de l\u2019\u00c9glise qui ne peut \u00eatre bris\u00e9e\u2009\u00bb <em>(Vie de saint Sava,<\/em> par Dom\u00e9tien).<\/p><\/blockquote><\/div>\n<p>Or, cette sainte foi orthodoxe, cette sainte \u00c9glise orthodoxe, dont parle saint Sava avec une telle d\u00e9termination apostolique et une sagesse divine semblable \u00e0 celle des P\u00e8res, a commenc\u00e9 \u00e0 \u00eatre trahie par nombre de patriarches, \u00e9v\u00eaques et pasteurs orthodoxes, tandis que les h\u00e9ritiers de saint Sava, non seulement n\u2019entreprennent rien contre cela, mais encore collaborent, soutiennent et participent h\u00e9las \u2014 il est difficile de le dire \u2014 \u00e0 la destruction de l\u2019\u00c9glise de Dieu, la Colonne et le Fondement de la V\u00e9rit\u00e9, cette seule Valeur par excellence du genre humain dans tous les mondes. C\u2019est la raison pour laquelle les consciences orthodoxes vigi\u00adlantes, dirig\u00e9es vers les saints P\u00e8res et saint Sava, posent ces questions avec ardeur depuis la fournaise contemporaine de Babylone chauff\u00e9e \u00e0 blanc, et attendent \u00e0 cela votre r\u00e9ponse en actes.<\/p>\n<p>&nbsp;<\/p>\n<h3 style=\"text-align: center;\"><em>Permettez-moi de poser les questions aigu\u00ebs auxquelles tout le peuple orthodoxe de Dieu attend d\u00e9j\u00e0 depuis longtemps une r\u00e9ponse<\/em><\/h3>\n<p><img loading=\"lazy\" decoding=\"async\" class=\"aligncenter size-full wp-image-3581\" src=\"https:\/\/hesychia.eu\/wp-content\/uploads\/2021\/03\/Assembly-of-Angels.940px.jpg\" alt=\"\" width=\"940\" height=\"140\" srcset=\"https:\/\/hesychia.eu\/wp-content\/uploads\/2021\/03\/Assembly-of-Angels.940px.jpg 940w, https:\/\/hesychia.eu\/wp-content\/uploads\/2021\/03\/Assembly-of-Angels.940px-300x45.jpg 300w, https:\/\/hesychia.eu\/wp-content\/uploads\/2021\/03\/Assembly-of-Angels.940px-768x114.jpg 768w\" sizes=\"auto, (max-width: 940px) 100vw, 940px\" \/><br \/>\nAvant tout, la question qui tourmente tout orthodoxe scrupuleux est in\u00e9vitable\u00a0: pourquoi le patriarcat de Belgrade (je ne dirai jamais\u00a0: l\u2019\u00c9glise orthodoxe serbe) sous le patriarche Germain est entr\u00e9e dans l\u2019association\u00a0h\u00e9r\u00e9tique appel\u00e9e \u00ab\u2009Conseil \u0152cum\u00e9nique des \u00c9glises\u2009\u00bb que constituent 233\u00a0h\u00e9r\u00e9sies\u2009? Et encore\u00a0: pourquoi le patriarche de l\u2019\u00c9glise orthodoxe serbe a-t-il accept\u00e9 la pr\u00e9sidence sur ces 233\u00a0h\u00e9r\u00e9sies<sup>\u2009<\/sup>? La conscience orthodoxe horrifi\u00e9e, bless\u00e9e, frapp\u00e9e en plein c\u0153ur, crie vers le ciel, et plus haut encore que le ciel\u00a0: horreur des horreurs\u2009! Honte des hontes\u2009! L\u2019h\u00e9ritier des saints Ap\u00f4tres, des saints P\u00e8res et de saint Sava est le pr\u00e9sident d\u2019un groupement dans lequel, de fa\u00e7ons innombrables, est reni\u00e9 le dogme m\u00eame de la Sainte\u00a0Trinit\u00e9, et bien s\u00fbr le dogme de l\u2019\u00c9glise une, sainte, catholique et apostolique, et aussi celui du Dieu-homme, le Seigneur J\u00e9sus, de Sa r\u00e9surrection, de la tr\u00e8s sainte M\u00e8re de Dieu, de la sainte Eucharistie, les saintes ic\u00f4nes, de la hi\u00e9rarchie, etc, etc, etc.<\/p>\n<p>Voici encore une question jaillissant de l\u2019actuelle fournaise de Babylone chauff\u00e9e \u00e0 blanc\u00a0: Qu\u2019avez-vous fait, \u00e9dificateurs de l\u2019\u00c9glise du Christ mis en place par Dieu, pour d\u00e9fendre la sainte Orthodoxie de la superficialit\u00e9 suicidaire et de l\u2019activit\u00e9 \u2014 dont l\u2019absence de s\u00e9rieux frise la tra\u00eetrise \u2014 du patriarche de Constantinople Ath\u00e9nagoras qui, par sa conduite n\u00e9o-papiste en paroles et en actes, scandalise les consciences orthodoxes depuis plus d\u2019une d\u00e9cennie, nie la v\u00e9racit\u00e9 unique et toute-salvatrice de l\u2019\u00c9glise et de la foi orthodoxes, reconna\u00eet l\u2019h\u00e9r\u00e9sie romaine et les autres comme \u00e9gales avec la V\u00e9rit\u00e9, reconna\u00eet le \u00ab\u2009Pontifex Maximus\u2009\u00bb avec son orgueil d\u00e9moniaque et anti-eccl\u00e9sial, et qui, de fa\u00e7on t\u00e9m\u00e9\u00adraire, h\u00e2tive et superficielle, pr\u00e9pare, \u00e0 l\u2019instar du Vatican, son soi-disant \u00ab\u2009Grand Concile panorthodoxe\u2009\u00bb, non sur la base du th\u00e8me \u00e9vang\u00e9lique conforme \u00e0 la sainte Tradition du <em>salut de l\u2019homme<\/em> et du monde, mais sur une th\u00e9matique purement scolastico-protestante\u2009; qui plus est, il le pr\u00e9pare dans la tour de Babel du monde contemporain anarchique et nihiliste, et ce sans la participation des v\u00e9ritables confesseurs et porteurs de la foi, de la th\u00e9ologie, de la tradition, de l\u2019eccl\u00e9sialit\u00e9\u00a0orthodoxes<sup>\u2009<\/sup>? Et il fait encore beaucoup de choses insens\u00e9es impos\u00e9es de fa\u00e7on papiste au nom de l\u2019Orthodoxie universelle, laquelle ne peut aujourd\u2019hui prendre librement une position appropri\u00e9e. Or, nos membres de l\u2019\u00c9glise les plus responsables, les gardiens selon saint Sava de l\u2019Orthodoxie, ont-ils tenu compte, pr\u00eat\u00e9 l\u2019oreille et vu quelles sont les r\u00e9actions aux jeux, p\u00e9rilleux pour l\u2019\u00e2me, avec la foi et l\u2019\u00c9glise, que manifestent les orthodoxes dans le monde entier\u00a0: \u00e9v\u00eaques, v\u00e9ritables th\u00e9ologiens, moines et peuple orthodoxes, et particuli\u00e8rement les asc\u00e8tes athonites les plus fervents\u2009?<\/p>\n<p>&nbsp;<\/p>\n<h3 style=\"text-align: center;\"><em>Par le silence, Dieu est trahi<\/em><\/h3>\n<p><img loading=\"lazy\" decoding=\"async\" class=\"aligncenter size-full wp-image-3577\" src=\"https:\/\/hesychia.eu\/wp-content\/uploads\/2021\/03\/Ascension-of-Christ.03.940px.jpg\" alt=\"\" width=\"940\" height=\"232\" srcset=\"https:\/\/hesychia.eu\/wp-content\/uploads\/2021\/03\/Ascension-of-Christ.03.940px.jpg 940w, https:\/\/hesychia.eu\/wp-content\/uploads\/2021\/03\/Ascension-of-Christ.03.940px-300x74.jpg 300w, https:\/\/hesychia.eu\/wp-content\/uploads\/2021\/03\/Ascension-of-Christ.03.940px-768x190.jpg 768w\" sizes=\"auto, (max-width: 940px) 100vw, 940px\" \/><br \/>\nMais ce n\u2019est pas encore tout. L\u2019indiff\u00e9rence de notre hi\u00e9rarchie de saint Sava va encore plus loin, alors que le monstre apocalyptique frappe de l\u2019autre c\u00f4t\u00e9 sur la sainte foi orthodoxe. Qu\u2019a fait notre hi\u00e9rarchie apr\u00e8s la d\u00e9cision, digne de Judas, du Patriarcat de Moscou au sujet de l\u2019intercommunion avec les catholiques-romains, prise le 16\/29 d\u00e9cembre 1969, \u00e0 l\u2019encontre de tous les saints dogmes et canons de l\u2019\u00c9glise orthodoxe\u2009? Par cette d\u00e9cision inou\u00efe dans l\u2019histoire de l\u2019\u00c9glise orthodoxe et de sa tradi\u00adtion dogmatique, concernant la <em>communia in sacris<\/em> avec des h\u00e9r\u00e9tiques manifestes, le Corps divino-humain entier de l\u2019Orthodoxie est bless\u00e9 profond\u00e9ment, tous les P\u00e8res et les Conciles sont insult\u00e9s, les dogmes et les canons de l\u2019\u00c9glise, pi\u00e9tin\u00e9s, la Tradition rejet\u00e9e, la V\u00e9rit\u00e9 m\u00e9pris\u00e9e, l\u2019\u00c9glise du Christ \u2014 la pure Fianc\u00e9e \u2014 pr\u00e9cipit\u00e9e dans le bourbier empoi\u00adsonn\u00e9 des h\u00e9r\u00e9tiques. Et nous, qu\u2019avons-nous fait en tant qu\u2019\u00c9glise et qu\u2019avons-nous entrepris\u2009? Rien. Alors, ces paroles de saint Gr\u00e9goire le Th\u00e9ologien ne s\u2019adressent-elles pas \u00e0 nous : \u00ab\u2009Par le silence, Dieu est trahi\u2009\u00bb ainsi que l\u2019\u00c9glise de Dieu <span id='easy-footnote-1-7504' class='easy-footnote-margin-adjust'><\/span><span class='easy-footnote'><a href='https:\/\/hesychia.eu\/index.php\/2024\/12\/03\/oser_se_taire\/#easy-footnote-bottom-1-7504' title=' &lt;em&gt;Saint Gr\u00e9goire le Th\u00e9ologue&lt;\/em&gt;, &lt;strong&gt;Discours 21 \u2013 En l\u2019honneur d\u2019Athanase, \u00e9v\u00eaque d\u2019Alexandrie&lt;\/strong&gt; '><sup>1<\/sup><\/a><\/span> (PG 35, 1112) <span id='easy-footnote-2-7504' class='easy-footnote-margin-adjust'><\/span><span class='easy-footnote'><a href='https:\/\/hesychia.eu\/index.php\/2024\/12\/03\/oser_se_taire\/#easy-footnote-bottom-2-7504' title=' &lt;em&gt;Je suppose que le s\u00e9isme qui nous secoue \u00e0 l&amp;rsquo;heure actuelle n&amp;rsquo;est pas moins violent qu&amp;rsquo;aucun de ceux du pass\u00e9; il \u00e9carte de nous tous ceux qui s&amp;rsquo;attachent \u00e0 la \u00ab philosophie \u00bb et \u00e0 Dieu et qui vivent par anticipation en citoyens du ciel. Ceux-ci, bien qu&amp;rsquo;ils soient g\u00e9n\u00e9ralement paisibles et mod\u00e9r\u00e9s, ne supportent cependant pas ceci ; de rester passifs, de trahir la cause de Dieu par le silence. Au contraire, sur ce point, ils manifestent m\u00eame beaucoup d&amp;rsquo;agressivit\u00e9 et de combativit\u00e9; l&amp;rsquo;ardeur de leur z\u00e8le va, en effet, jusque l\u00e0, et ils seraient plus prompts \u00e0 faire ce qu&amp;rsquo;il ne faut pas qu&amp;rsquo;\u00e0 ne pas faire ce qu&amp;rsquo;il faut!&lt;\/em&gt;\u00a0 \/ &lt;strong&gt;Gr\u00e9goire de Nazianze&lt;\/strong&gt;, &lt;em&gt;Discours 20-23&lt;\/em&gt;, Introduction, texte critique, traduction et notes par Justin Mossay, Les \u00e9ditions du Cerf, Paris, 1980, p. 163 '><sup>2<\/sup><\/a><\/span> . Plus que jamais, dans ce cas fatal, nos \u00e9v\u00eaques \u00e9tablis par Dieu et appel\u00e9s en premier lieu \u00e0 d\u00e9fendre la foi, ont le devoir d\u2019adopter sans r\u00e9serve la position des saints P\u00e8res et des confesseurs, \u00e0 savoir de d\u00e9fendre l\u2019Orthodoxie contre ceux qui en font un commerce et m\u00e8nent une politique sous un mot d\u2019ordre appel\u00e9 faussement \u00ab\u2009amour\u2009\u00bb (car il existe un faux amour, tout comme il existe \u00ab\u2009une fausse connaissance\u2009\u00bb (cf. 1 Tim 6,20). Malheureusement, ils n\u2019ont pas agi ainsi. Au contraire, ils participent eux-m\u00eames, certains en paroles, d\u2019autres en actions et actes eccl\u00e9siaux, et d\u2019autres encore par une attitude passive, \u00e0 souiller la V\u00e9rit\u00e9 et \u00e0 vendre aux h\u00e9r\u00e9tiques ce qui est saint dans l\u2019Eglise de Dieu. N\u2019ont-ils pas eux-aussi, en suivant la d\u00e9cision du m\u00eame Patriarcat de Moscou, reconnu le sacrement du mariage effectu\u00e9 par les pr\u00eatres catholiques-romains, confirmant ce m\u00eame jeu avec les saints Myst\u00e8res et la gr\u00e2ce, par leur d\u00e9cision prise lors de la session de l\u2019Assembl\u00e9e des \u00e9v\u00eaques il y a environ une ann\u00e9e\u2009? N\u2019ont-ils pas encore, \u00e0 l\u2019encontre des canons explicites des saints Ap\u00f4tres et des saints P\u00e8res (45<sup>e<\/sup> et 64<sup>e<\/sup>\u00a0canons apostoliques\u2009; 32<sup>e<\/sup>, 33<sup>e<\/sup>, 34<sup>e<\/sup> et 37<sup>e<\/sup>\u00a0canons de Laodic\u00e9e), pri\u00e9 ensemble avec des dignitaires h\u00e9r\u00e9tiques et re\u00e7u leurs \u00ab\u2009b\u00e9n\u00e9dictions\u2009\u00bb dans les \u00e9glises de Belgrade lorsqu\u2019ils venaient effectuer des \u00ab\u2009visites fraternelles\u2009\u00bb, ou lors de leurs r\u00e9unions lorsqu\u2019ils se rendaient chez eux\u2009? Certains de nos th\u00e9ologiens et professeurs, probablement par ignorance, ont pr\u00each\u00e9 et pr\u00eachent, non pas l\u2019Orthodoxie divino-humaine, catholique, v\u00e9ritablement \u00ab\u2009\u00e9cum\u00e9nique\u2009\u00bb, mais \u00ab\u2009l\u2019\u0153cum\u00e9nisme\u2009\u00bb du syncr\u00e9tisme protestant, dans lequel il n\u2019y a pas m\u00eame une trace de la foi des P\u00e8res, mais au contraire l\u2019humanisme europ\u00e9en infructueux et l\u2019anthropocentrisme europ\u00e9en fr\u00e9n\u00e9tique\u2009?<\/p>\n<p>Cette mention succincte de seulement quelques-uns des probl\u00e8mes essentiels de l\u2019\u00c9glise du Christ, pourrait \u00eatre bien plus d\u00e9velopp\u00e9e en raison de la responsabilit\u00e9, ou plut\u00f4t de l\u2019irresponsabilit\u00e9, de certains de nos repr\u00e9sentants eccl\u00e9siaux les plus importants. Mais m\u00eame ce qui a \u00e9t\u00e9 dit jusqu\u2019\u00e0 maintenant montre suffisamment qu\u2019ils ne cheminent pas sur la voie des saints P\u00e8res, ne respectent pas les saints Conciles, mais pi\u00e9tinent les saints dogmes et canons, suivant les esprits mensongers oppos\u00e9s \u00e0 l\u2019Esprit de Dieu, l\u2019Esprit du Christ, qui dirige l\u2019\u00c9glise orthodoxe et la m\u00e8ne \u00e0 toute v\u00e9rit\u00e9 (Jn\u00a016,13). \u00ab\u2009Je suis bien attrist\u00e9\u2009\u00bb, dirai-je avec saint Basile le Grand, de ce que \u00ab\u2009les ordonnances de nos P\u00e8res sont d\u00e9sormais sans vigueur et que tout exacte observance est bannie des \u00c9glises\u2009; et j\u2019ai bien peur que les progr\u00e8s d\u2019une telle indiff\u00e9rence n\u2019am\u00e8nent une totale confusion dans l\u2019administration de l\u2019\u00c9glise\u2009\u00bb (Canon\u00a089 de saint Basile). \u00c0 cette occasion, rappelons-nous les terribles paroles du proph\u00e8te de Dieu\u00a0: \u00ab\u2009Maudit soit celui qui fait avec n\u00e9gligence l\u2019\u0153uvre du Seigneur\u2009\u00bb (Jr\u00a048, 10). Or, c\u2019est ce que nous faisons, et bien pire que cela encore. Aussi, il est indispensable, plus qu\u2019indispensable, que nous ranimions nos c\u0153urs par la pri\u00e8re incessante et le repentir envers le Seigneur, afin que par Sa grande et pleine mis\u00e9ricorde ne se d\u00e9versent pas sur nous les mal\u00e9dictions du ciel avec leurs horreurs.<\/p>\n<p><img loading=\"lazy\" decoding=\"async\" class=\"aligncenter size-full wp-image-3568\" src=\"https:\/\/hesychia.eu\/wp-content\/uploads\/2021\/03\/Angel-John-and-Onuphri.940px.jpg\" alt=\"\" width=\"940\" height=\"163\" srcset=\"https:\/\/hesychia.eu\/wp-content\/uploads\/2021\/03\/Angel-John-and-Onuphri.940px.jpg 940w, https:\/\/hesychia.eu\/wp-content\/uploads\/2021\/03\/Angel-John-and-Onuphri.940px-300x52.jpg 300w, https:\/\/hesychia.eu\/wp-content\/uploads\/2021\/03\/Angel-John-and-Onuphri.940px-768x133.jpg 768w\" sizes=\"auto, (max-width: 940px) 100vw, 940px\" \/><\/p>\n<h4 style=\"text-align: center;\">Bernard Le Caro, <em>Saint Justin de\u00a0Tch\u00e9li\u00e9<\/em>, L\u2019\u00c2ge d\u2019homme, Lausanne, 2017, p.\u00a0223-231<\/h4>\n<p>&nbsp;<\/p>\n<hr \/>\n<p>&nbsp;<\/p>\n<div class=\"vlp-link-container vlp-layout-basic\"><a href=\"https:\/\/hesychia.eu\/index.php\/pere-justin-1979\/\" class=\"vlp-link\" title=\"P\u00e8re Justin (Popovitch) de Tch\u00e9li\u00e9 [\u20201979]\"><\/a><div class=\"vlp-layout-zone-side\"><div class=\"vlp-block-2 vlp-link-image\"><img loading=\"lazy\" decoding=\"async\" style=\"max-width: 150px;\" width=\"150\" height=\"203\" src=\"https:\/\/hesychia.eu\/wp-content\/uploads\/2020\/10\/sfantul-justin-popovici-14-iunie.650px.jpg\" class=\"attachment-150x999 size-150x999\" alt=\"\" srcset=\"https:\/\/hesychia.eu\/wp-content\/uploads\/2020\/10\/sfantul-justin-popovici-14-iunie.650px.jpg 650w, https:\/\/hesychia.eu\/wp-content\/uploads\/2020\/10\/sfantul-justin-popovici-14-iunie.650px-222x300.jpg 222w\" sizes=\"auto, (max-width: 150px) 100vw, 150px\" \/><\/div><\/div><div class=\"vlp-layout-zone-main\"><div class=\"vlp-block-0 vlp-link-title\">P\u00e8re Justin (Popovitch) de Tch\u00e9li\u00e9 [\u20201979]<\/div><div class=\"vlp-block-1 vlp-link-summary\">&nbsp; &nbsp; &nbsp;<\/div><\/div><\/div>\n<p>&nbsp;<\/p>\n","protected":false},"excerpt":{"rendered":"<p>&nbsp; Lettre adress\u00e9e par le P\u00e8re Justin de\u00a0Tch\u00e9li\u00e9 au Saint- Synode de l&rsquo;Eglise orthodoxe serbe &nbsp; &nbsp; I\/ III&hellip;<\/p>\n","protected":false},"author":1,"featured_media":6327,"comment_status":"open","ping_status":"closed","sticky":false,"template":"","format":"standard","meta":{"footnotes":""},"categories":[204,10,7,202,2,19],"tags":[22,12,458,552],"class_list":["post-7504","post","type-post","status-publish","format-standard","has-post-thumbnail","hentry","category-temoins","category-la-foi-vivante-de-leglise-orthodoxe","category-royaume","category-luminaires","category-orthodoxie","category-vivre-la-foi","tag-foi","tag-orthodoxie","tag-paix","tag-verite"],"_links":{"self":[{"href":"https:\/\/hesychia.eu\/index.php\/wp-json\/wp\/v2\/posts\/7504","targetHints":{"allow":["GET"]}}],"collection":[{"href":"https:\/\/hesychia.eu\/index.php\/wp-json\/wp\/v2\/posts"}],"about":[{"href":"https:\/\/hesychia.eu\/index.php\/wp-json\/wp\/v2\/types\/post"}],"author":[{"embeddable":true,"href":"https:\/\/hesychia.eu\/index.php\/wp-json\/wp\/v2\/users\/1"}],"replies":[{"embeddable":true,"href":"https:\/\/hesychia.eu\/index.php\/wp-json\/wp\/v2\/comments?post=7504"}],"version-history":[{"count":7,"href":"https:\/\/hesychia.eu\/index.php\/wp-json\/wp\/v2\/posts\/7504\/revisions"}],"predecessor-version":[{"id":7525,"href":"https:\/\/hesychia.eu\/index.php\/wp-json\/wp\/v2\/posts\/7504\/revisions\/7525"}],"wp:featuredmedia":[{"embeddable":true,"href":"https:\/\/hesychia.eu\/index.php\/wp-json\/wp\/v2\/media\/6327"}],"wp:attachment":[{"href":"https:\/\/hesychia.eu\/index.php\/wp-json\/wp\/v2\/media?parent=7504"}],"wp:term":[{"taxonomy":"category","embeddable":true,"href":"https:\/\/hesychia.eu\/index.php\/wp-json\/wp\/v2\/categories?post=7504"},{"taxonomy":"post_tag","embeddable":true,"href":"https:\/\/hesychia.eu\/index.php\/wp-json\/wp\/v2\/tags?post=7504"}],"curies":[{"name":"wp","href":"https:\/\/api.w.org\/{rel}","templated":true}]}}